{"id":915,"date":"2018-04-11T19:20:45","date_gmt":"2018-04-11T17:20:45","guid":{"rendered":"https:\/\/ambabidjan.esteri.it\/news\/dall_ambasciata\/2018\/04\/settimana-dell-europa-maggio-2018\/"},"modified":"2018-04-11T19:20:45","modified_gmt":"2018-04-11T17:20:45","slug":"settimana-dell-europa-maggio-2018","status":"publish","type":"post","link":"https:\/\/ambabidjan.esteri.it\/it\/news\/dall_ambasciata\/2018\/04\/settimana-dell-europa-maggio-2018\/","title":{"rendered":"SETTIMANA DELL&#8217;EUROPA MAGGIO 2018: CONCORSO FOTOGRAFICO"},"content":{"rendered":"<p>In occasione della Settimana dell&#8217;Europa, che\u00a0si terr\u00e0\u00a0dal 7 al 18 maggio, avr\u00e0 luogo un concorso fotografico destinato ai fotografi ivoriani di et\u00e0 compresa tra 18 e 35 anni e residenti in Costa d&#8217;Avorio. <\/p>\n<p>Il concorso \u00e9 incentrato sul tema dell'&#8221;h\u00e9ritage culturel ivoirien&#8221;, in linea con il tema generale della Festa dell&#8217;Europa 2018 &#8220;l&#8217;heritage culturel europ\u00e9en&#8221;. <\/p>\n<p>\u00c9 possibile iscriversi fino alla mezzanotte del 25 aprile.<\/p>\n<p>\u00a0<\/p>\n<p><a href=\"resource\/doc\/2018\/04\/concours_de_photographie_de_la_semaine_de_leurope.pdf\"><strong>Presentazione Concorso<\/strong><\/a><\/p>\n<p><a href=\"resource\/doc\/2018\/04\/formulaire_dinscription_concours_photo_semaine_de_leurope.docx\"><strong>Modulo d&#8217;iscrizione<\/strong> <\/a><\/p>\n<p><a href=\"resource\/doc\/2018\/04\/rglement_concours_photo_semaine_de_leurope.pdf\"><strong>Regolamento del Concorso<\/strong> <\/a><\/p>\n<p>\u00a0<\/p>\n","protected":false},"excerpt":{"rendered":"In occasione della Settimana dell&#8217;Europa, che\u00a0si terr\u00e0\u00a0dal 7 al 18 maggio, avr\u00e0 luogo un concorso fotografico destinato ai fotografi ivoriani di et\u00e0 compresa tra 18 e 35 anni e residenti in Costa d&#8217;Avorio. Il concorso \u00e9 incentrato sul tema dell&#8217;&#8221;h\u00e9ritage culturel ivoirien&#8221;, in linea con il tema generale della Festa dell&#8217;Europa 2018 &#8220;l&#8217;heritage culturel europ\u00e9en&#8221;. [&hellip;]","protected":false},"author":1,"featured_media":0,"comment_status":"","ping_status":"","sticky":false,"template":"","format":"standard","meta":{"footnotes":""},"tags":[],"class_list":["post-915","post","type-post","status-publish","format-standard","hentry"],"_links":{"self":[{"href":"https:\/\/ambabidjan.esteri.it\/it\/wp-json\/wp\/v2\/posts\/915","targetHints":{"allow":["GET"]}}],"collection":[{"href":"https:\/\/ambabidjan.esteri.it\/it\/wp-json\/wp\/v2\/posts"}],"about":[{"href":"https:\/\/ambabidjan.esteri.it\/it\/wp-json\/wp\/v2\/types\/post"}],"author":[{"embeddable":true,"href":"https:\/\/ambabidjan.esteri.it\/it\/wp-json\/wp\/v2\/users\/1"}],"replies":[{"embeddable":true,"href":"https:\/\/ambabidjan.esteri.it\/it\/wp-json\/wp\/v2\/comments?post=915"}],"version-history":[{"count":0,"href":"https:\/\/ambabidjan.esteri.it\/it\/wp-json\/wp\/v2\/posts\/915\/revisions"}],"wp:attachment":[{"href":"https:\/\/ambabidjan.esteri.it\/it\/wp-json\/wp\/v2\/media?parent=915"}],"wp:term":[{"taxonomy":"post_tag","embeddable":true,"href":"https:\/\/ambabidjan.esteri.it\/it\/wp-json\/wp\/v2\/tags?post=915"}],"curies":[{"name":"wp","href":"https:\/\/api.w.org\/{rel}","templated":true}]}}