{"id":796,"date":"2020-03-18T18:03:45","date_gmt":"2020-03-18T17:03:45","guid":{"rendered":"https:\/\/ambabidjan.esteri.it\/news\/dall_ambasciata\/2020\/03\/costa-d-avorio-covid-19-aggiornamento\/"},"modified":"2020-03-18T18:03:45","modified_gmt":"2020-03-18T17:03:45","slug":"costa-d-avorio-covid-19-aggiornamento","status":"publish","type":"post","link":"https:\/\/ambabidjan.esteri.it\/it\/news\/dall_ambasciata\/2020\/03\/costa-d-avorio-covid-19-aggiornamento\/","title":{"rendered":"COVID 19. AGGIORNAMENTI."},"content":{"rendered":"<p>\u00a0<\/p>\n<p style=\"text-align: justify;\"><span style=\"text-decoration: underline;\"><strong>AGGIORNAMENTO SULLE MISURE ADOTTATE DALLE AUTORITA&#8217; IVORIANE PER CONTENERE LA PROPAGAZIONE DEL COVID 19<\/strong><\/span><\/p>\n<p style=\"text-align: justify;\"><a href=\"resource\/doc\/2020\/03\/covid_19_mail_a_connazionali_27_marzo_2020.docx\">MAIL A CONNAZIONALI COSTA D&#8217;AVORIO 27 MARZO 2020 (ISOLAMENTO DI ABIDJAN DAL RESTO DEL PAESE E COPRIFUOCO)<\/a><\/p>\n<p style=\"text-align: justify;\"><a href=\"resource\/doc\/2020\/03\/arrete_portant_interdiction_de_circulation_des_personnes_et_des_vehicules.pdf.pdf.pdf\">DECRETO ISOLAMENTO ABIDJAN DAL RESTO DEL PAESE<\/a><\/p>\n<p style=\"text-align: justify;\"><a href=\"resource\/doc\/2020\/03\/coprifuoco.pdf\">DISPOSIZIONI LOCALI SUL COPRIFUOCO E FORMULARI PER RICHIESTE DEROGHE<\/a><\/p>\n<p style=\"text-align: justify;\"><a href=\"resource\/doc\/2020\/06\/communique_du_cns_du_11_juin_2020.pdf\">COMUNICATO AUTORITA&#8217; LOCALI (11 GIUGNO 2020)<\/a><\/p>\n<p style=\"text-align: justify;\">\u00a0<\/p>\n<p style=\"text-align: justify;\">\u00a0<\/p>\n<p style=\"text-align: justify;\">\u00a0<\/p>\n<p style=\"text-align: justify;\"><span style=\"text-decoration: underline;\"><strong>AVVISO SUI SERVIZI CONSOLARI E VISTI EROGATI DALL&#8217;AMBASCIATA DURANTE L&#8217;EMERGENZA COVID-19<\/strong><\/span><\/p>\n<p style=\"text-align: justify;\">Nel quadro delle misure collegate all\u2019emergenza COVID-19 si segnala che a partire da lunedi\u2019 23 marzo 2020, sono sospesi tutti i servizi consolari e visti, fatta eccezione per:<\/p>\n<p style=\"text-align: justify;\">-assistenza ai connazionali in situazione di comprovata emergenza, con particolare attenzione a casi legati al COVID19;<\/p>\n<p style=\"text-align: justify;\">&#8211; rilascio passaporti ed ETD esclusivamente in casi di comprovate e indifferibili situazioni di emergenza e, comunque, previo appuntamento da richiedere scrivendo a <a href=\"mailto:consolare.abidjan@esteri.it;\">consolare.abidjan@esteri.it;<\/a><\/p>\n<p style=\"text-align: justify;\">-trattazione delle pratiche di visto non soggette alle restrizioni di accesso allo spazio Schengen adottate dal Consiglio Europeo a decorrere dal 18 marzo 2020, con particolare attenzione ai visti per familiari di cittadini UE (le domande dovranno essere depositate previo appuntamento da richiedere scrivendo a visti.abidjan@esteri.it) e i visti nazionali di lunga durata (da depositare in Ambasciata previo appuntamento attraverso il portale \u201cPrenota on line\u201d).<\/p>\n<p style=\"text-align: justify;\">Si informa altres\u00ec che, a decorrere dal 27 marzo 2020, \u00e8 sospeso il servizio di legalizzazione di atti, a seguito della decisione della societ\u00e0 VFS di chiudere i propri uffici per un periodo di due settimane (rinnovabili) a partire dal 27 marzo 2020, in ragione della diffusione del COVID-19.<\/p>\n<p style=\"text-align: justify;\">Si prega di evitare di recarsi in Ambasciata se non strettamente necessario.<\/p>\n<p style=\"text-align: justify;\">Si ricorda che resta attivo, esclusivamente per situazioni di comprovata emergenza, il numero 00225 07 07 73 43.<\/p>\n<p><span style=\"text-decoration: underline;\"><strong>COSTA D&#8217;AVORIO. INDICAZIONI IN CASO DI SINTOMI E RACCOMANDAZIONI PER RIDURRE LE PROBAILITA&#8217; DI CONTAGIO (V. LINK SOTTOSTANTE)<\/strong><\/span><\/p>\n<p><a href=\"resource\/doc\/2020\/03\/covid_19._mail_connazionali_costa_davorio_del_17_marzo_2020.docx\">MAIL CONNAZIONALI COSTA D&#8217;AVORIO 17 MARZO 2020<\/a><\/p>\n<p>\u00a0<\/p>\n<p><span style=\"text-decoration: underline;\"><strong>AGGIORNAMENTI SUI VOLI PER L&#8217;EUROPA (V. COMUNICAZIONI TRASMESSE AI CONNAZIONALI CLICCANDO SUI LINKS SOTTOSTANTI)<\/strong><\/span><\/p>\n<p><a href=\"resource\/doc\/2020\/03\/covid_19._mail_connaizonali_costa_davorio_del_18_marzo_2020.docx\">MAIL CONNAZIONALI COSTA D&#8217;AVORIO 18 MARZO 2020<\/a><\/p>\n<p>MAIL CONNAZIONALI LIBERIA SIERRA LEONE E BURKINA FASO 18 MARZO 2020<\/p>\n<p><a href=\"resource\/doc\/2020\/03\/covid_19_mail_connazionali_costa_davorio_bis.docx\">MAIL CONNAZIONALI COSTA D&#8217;AVORIO DEL 18 MARZO 2020<\/a>\u00a0H. 13.<\/p>\n<p><a href=\"resource\/doc\/2020\/03\/covid_19._mail_connazionali_costa_davorio_18_marzo_2020_h._20.docx\">MAIL CONNAZIONALI COSTA D&#8217;AVORIO DEL 18 MARZO 2020 H. 20<\/a><\/p>\n<p><a href=\"resource\/doc\/2020\/03\/covid_19._mail_connazionali_costa_davorio_19_marzo_8h30.docx\">MAIL CONNAZIONALI COSTA D&#8217;AVORIO DEL 19 MARZO 2020 H. 8.30<\/a><\/p>\n<p><a href=\"resource\/doc\/2020\/03\/covid_19._mail_connazionali_liberia_19_marzo_ore_9.docx\">MAIL CONNAZIONALI LIBERIA DEL 19 MARZO 2020 H.9<\/a><\/p>\n<p><a href=\"resource\/doc\/2020\/03\/covid_19_mail_connazionali_sierra_leone_20_marzo_2020_h._8h30.docx\">MAIL CONNAZIONALI SIERRA LEONE 20 MARZO H.8.30<\/a><\/p>\n<p><a href=\"resource\/doc\/2020\/03\/covid_19._mail_connazionali_costa_davorio_22_marzo_2020.docx\">MAIL CONNAZIONALI COSTA D&#8217;AVORIO 22 MARZO 2020<\/a><\/p>\n<p><a href=\"resource\/doc\/2020\/03\/covid_19._mail_connazionali_costa_davorio__23_marzo_2020_h._13.docx\">MAIL CONNAZIONALI COSTA D&#8217;AVORIO 23 MARZO 2020<\/a>\u00a0H.12<\/p>\n<p><a href=\"resource\/doc\/2020\/03\/covid_19._mail_connazionali_costa_davorio__23_marzo_2020_h._21.docx\">MAIL CONNAZIONALI COSTA D&#8217;AVORIO 23 MARZO 2020 H. 21<\/a><\/p>\n<p><a href=\"resource\/doc\/2020\/04\/covid_19._mail_connazionali_volo_air_france_9_aprile.docx\">MAIL AI CONNAZIONALI COSTA D&#8217;AVORIO\u00a0SU VOLO AIRFRANCE ABIDJAN-PARIGI DEL 9 APRILE 2020<\/a><\/p>\n<p><a href=\"resource\/doc\/2020\/04\/covid_19_costa_davorio_volo_brx_4_prile_2020.docx\">MAIL A CONNAZIONALI COSTA D&#8217;AVORIO SU VOLO BRUSSELS AIRLINES ABIDJAN-BRUXELLES DEL 4 APRILE 2020<\/a><\/p>\n<p><a href=\"resource\/doc\/2020\/04\/covid_19._liberia_mail_connazionali_volo_brussels_airlines_5_aprile_2020.docx\">MAIL AI CONNAZIONALI LIBERIA SU VOLO BRUSSELS AIRLINES MONROVIA-BRUXELLES DEL 5 APRILE 2020<\/a><\/p>\n<p><a href=\"resource\/doc\/2020\/04\/covid_19._sierra_leone_mail_connazionali_volo_brussels_airlines_5_aprile_2020_-_copia.docx\">MAIL AI CONNAZIONALI SIERRA LEONE BRUSSELS AIRLINES FREETOWN-BRUXELLES DEL 5 APRILE 2020<\/a><\/p>\n<p><a href=\"resource\/doc\/2020\/04\/covid_19._mail_connazionali_volo_air_france_23_aprile_2020.docx\">MAIL AI CONNAZIONALI COSTA D&#8217;AVORIO VOLO AIR FRANCE 23 APRILE 2020<\/a><\/p>\n<p><a href=\"resource\/doc\/2020\/04\/covid_19._mail_connazionali_volo_air_france_7_maggio_2020.docx\">MAIL AI CONNAZIONALI COSTA D&#8217;AVORIO VOLO AIRFRANCE 7 MAGGIO 2020<\/a><\/p>\n<p><a href=\"resource\/doc\/2020\/05\/covid_19._costa_davorio._mail_ai_connazionali_volo_af_14_maggio_2020.docx\">MAIL AI CONNAZIONALI COSTA D&#8217;AVORIO VOLO AIRFRANCE 14 MAGGIO 2020<\/a><\/p>\n<p><a href=\"resource\/doc\/2020\/05\/covid_19._liberia_mail_connazionali_volo_fine_maggio_2020.docx\">MAIL AI CONNAZIONALI LIBERIA POSSIBILE VOLO FINE MAGGIO 2020<\/a><\/p>\n<p><a href=\"resource\/doc\/2020\/05\/covid_19._costa_davorio._mail_ai_connazionali_volo_af_21_maggio_2020.docx\">MAIL AI CONNAZIONALI COSTA D&#8217;AVORIO VOLO AIRFRANCE 21 MAGGIO 2020<\/a><\/p>\n<p><a href=\"resource\/doc\/2020\/05\/covid_19._costa_davorio._mail_ai_connazionali_volo_af_28_maggio_2020_2.docx\">\u00a0MAIL AI CONNAZIONALI COSTA D&#8217;AVORIO VOLO AIRFRANCE 28 MAGGIO 2020<\/a><\/p>\n<p><a href=\"resource\/doc\/2020\/05\/covid19._costa_davorio._volo_abidjan_londra_2_giugno_2020.docx\">MAIL AI CONNAZIONALI TEMPORANEI COSTA D&#8217;AVORIO VOLO CHARTER ABIDJAN-LONDRA (2 GIUGNO 2020)<\/a><\/p>\n<p><a href=\"resource\/doc\/2020\/06\/covid_19._costa_davorio._mail_ai_connazionali_volo_af_4_giugno_2020.docx\">MAIL AI CONNAZIONALI COSTA D&#8217;AVORIO VOLO AIRFRANCE 4 GIUGNO 2020<\/a><\/p>\n<p><a href=\"resource\/doc\/2020\/06\/covid_19._costa_davorio._mail_ai_connazionali_volo_af_11_giugno_2020.docx\">MAIL AI CONNAZIONALI COSTA D&#8217;AVORIO VOLO AIRFRANCE 11 GIUGNO 2020<\/a><\/p>\n<p><a href=\"resource\/doc\/2020\/06\/covid_19._costa_davorio._mail_ai_connazionali_volo_af_18__giugno_2020.docx\">MAIL AI CONNAZIONALI COSTA D&#8217;AVORIO VOLO AIRFRANCE 18 GIUGNO 2020<\/a><\/p>\n<p>\u00a0\u00a0<\/p>\n<p><span style=\"text-decoration: underline;\"><strong>INDICAZIONI AI CONNAZIONALI SULLE DISPOSIZIONI DA PRENDERE AL MOMENTO DELL&#8217;INGRESSO IN ITALIA E AGGIORNAMENTI SULLA NORMATIVA IN MATERIA\u00a0(V. LINKS SOTTOSTANTI)<\/strong><\/span><\/p>\n<p><a href=\"resource\/doc\/2020\/03\/covid_19_mail_a__connazionali_tutti_paesi_servizi_consolari_e_visti.docx\">MAIL CONNAZIONALI PAESI DI ACCREDITAMENTO<\/a>\u00a0(16 MARZO 2020)<\/p>\n<p><a href=\"resource\/doc\/2020\/03\/mail_ai_connazionali_30_marzo_2020.docx\">MAIL AI CONNAZIONALI DEI PAESI DI ACCREDITAMENTO (30 MARZO 2020)<\/a><\/p>\n<p><a href=\"resource\/doc\/2020\/03\/dpcm_del_22_marzo_2020.pdf\">DPCM 22 MARZO 2020<\/a><\/p>\n<p><a href=\"resource\/doc\/2020\/03\/ordinanza_min_salute_concerto_mit_28_03_2020.pdf\">ORDINANZA MINISTERI SALUTE E TRASPORTI<\/a><\/p>\n<p><a href=\"resource\/doc\/2020\/04\/nuovo_modulo_da_consegnare_al_vettore_agg._2_aprile_2020.docx\">NUOVO MODELLO AUTOCERTIFICAZIONE DA CONSEGNARE AL VETTORE AEREO\u00a0(AGG. 2 APRILE 2020)<\/a><\/p>\n<p><a href=\"resource\/doc\/2020\/03\/nuovo_modello_autodichiarazione_26-03-2020_editabile.pdf\">MODELLO AUTOCERTIFICAZIONE PER RIENTRO IN ITALIA DALL&#8217;ESTERO<\/a><\/p>\n<p><a href=\"resource\/doc\/2020\/07\/modulo_rientro_da_estero_30giu20.pdf\">MODULO PER RIENTRO IN ITALIA IN VIGORE DAL 30 GIUGNO 2020<\/a><\/p>\n<p><a href=\"https:\/\/www.esteri.it\/mae\/it\/ministero\/normativaonline\/decreto-iorestoacasa-domande-frequenti\/focus-cittadini-italiani-in-rientro-dall-estero-e-cittadini-stranieri-in-italia.html\">FAQ<\/a><\/p>\n<p>\u00a0<\/p>\n","protected":false},"excerpt":{"rendered":"\u00a0 AGGIORNAMENTO SULLE MISURE ADOTTATE DALLE AUTORITA&#8217; IVORIANE PER CONTENERE LA PROPAGAZIONE DEL COVID 19 MAIL A CONNAZIONALI COSTA D&#8217;AVORIO 27 MARZO 2020 (ISOLAMENTO DI ABIDJAN DAL RESTO DEL PAESE E COPRIFUOCO) DECRETO ISOLAMENTO ABIDJAN DAL RESTO DEL PAESE DISPOSIZIONI LOCALI SUL COPRIFUOCO E FORMULARI PER RICHIESTE DEROGHE COMUNICATO AUTORITA&#8217; LOCALI (11 GIUGNO 2020) \u00a0 [&hellip;]","protected":false},"author":1,"featured_media":0,"comment_status":"","ping_status":"","sticky":false,"template":"","format":"standard","meta":{"footnotes":""},"tags":[],"class_list":["post-796","post","type-post","status-publish","format-standard","hentry"],"_links":{"self":[{"href":"https:\/\/ambabidjan.esteri.it\/it\/wp-json\/wp\/v2\/posts\/796","targetHints":{"allow":["GET"]}}],"collection":[{"href":"https:\/\/ambabidjan.esteri.it\/it\/wp-json\/wp\/v2\/posts"}],"about":[{"href":"https:\/\/ambabidjan.esteri.it\/it\/wp-json\/wp\/v2\/types\/post"}],"author":[{"embeddable":true,"href":"https:\/\/ambabidjan.esteri.it\/it\/wp-json\/wp\/v2\/users\/1"}],"replies":[{"embeddable":true,"href":"https:\/\/ambabidjan.esteri.it\/it\/wp-json\/wp\/v2\/comments?post=796"}],"version-history":[{"count":0,"href":"https:\/\/ambabidjan.esteri.it\/it\/wp-json\/wp\/v2\/posts\/796\/revisions"}],"wp:attachment":[{"href":"https:\/\/ambabidjan.esteri.it\/it\/wp-json\/wp\/v2\/media?parent=796"}],"wp:term":[{"taxonomy":"post_tag","embeddable":true,"href":"https:\/\/ambabidjan.esteri.it\/it\/wp-json\/wp\/v2\/tags?post=796"}],"curies":[{"name":"wp","href":"https:\/\/api.w.org\/{rel}","templated":true}]}}