{"id":736,"date":"2021-12-06T14:23:46","date_gmt":"2021-12-06T13:23:46","guid":{"rendered":"https:\/\/ambabidjan.esteri.it\/news\/dall_ambasciata\/2021\/12\/progetto-smart-export-l-accademia\/"},"modified":"2021-12-06T14:23:46","modified_gmt":"2021-12-06T13:23:46","slug":"progetto-smart-export-l-accademia","status":"publish","type":"post","link":"https:\/\/ambabidjan.esteri.it\/it\/news\/dall_ambasciata\/2021\/12\/progetto-smart-export-l-accademia\/","title":{"rendered":"PROGETTO &#8220;SMART EXPORT &#8211; L&#8217;ACCADEMIA DIGITALE PER L&#8217;INTERNAZIONALIZZAZIONE&#8221;. POSSIBILITA&#8217; DI FORMAZIONE ON-LINE PER LE IMPRESE."},"content":{"rendered":"<p style=\"text-align: justify;\">La Farnesina offre a imprese e professionisti italiani operanti in Costa d&#8217;Avorio la possibilit\u00e0 di iscriversi e frequentare il progetto &#8220;Smart Export &#8211; l&#8217;accademia digitale per l&#8217;internazionalizzazione&#8221;, promosso dal Ministero degli Esteri e della Cooperazione Internazionale per sostenere la crescita delle competenze strategiche, manageriali e digitali delle Medie e Piccole Imprese italiane. I moduli formativi saranno erogati &#8211; in modalit\u00e0 asincrona &#8211; da Agenzia ICE e da 5 fra le pi\u00f9 prestigiose Universit\u00e0 e Business<br \/>School italiane. Per maggiori informazioni si invita a consultare il <a href=\"resource\/doc\/2021\/12\/smartexport_brochure.pdf\">link <\/a>di seguito.<\/p>\n","protected":false},"excerpt":{"rendered":"La Farnesina offre a imprese e professionisti italiani operanti in Costa d&#8217;Avorio la possibilit\u00e0 di iscriversi e frequentare il progetto &#8220;Smart Export &#8211; l&#8217;accademia digitale per l&#8217;internazionalizzazione&#8221;, promosso dal Ministero degli Esteri e della Cooperazione Internazionale per sostenere la crescita delle competenze strategiche, manageriali e digitali delle Medie e Piccole Imprese italiane. I moduli formativi [&hellip;]","protected":false},"author":1,"featured_media":0,"comment_status":"","ping_status":"","sticky":false,"template":"","format":"standard","meta":{"footnotes":""},"tags":[],"class_list":["post-736","post","type-post","status-publish","format-standard","hentry"],"_links":{"self":[{"href":"https:\/\/ambabidjan.esteri.it\/it\/wp-json\/wp\/v2\/posts\/736","targetHints":{"allow":["GET"]}}],"collection":[{"href":"https:\/\/ambabidjan.esteri.it\/it\/wp-json\/wp\/v2\/posts"}],"about":[{"href":"https:\/\/ambabidjan.esteri.it\/it\/wp-json\/wp\/v2\/types\/post"}],"author":[{"embeddable":true,"href":"https:\/\/ambabidjan.esteri.it\/it\/wp-json\/wp\/v2\/users\/1"}],"replies":[{"embeddable":true,"href":"https:\/\/ambabidjan.esteri.it\/it\/wp-json\/wp\/v2\/comments?post=736"}],"version-history":[{"count":0,"href":"https:\/\/ambabidjan.esteri.it\/it\/wp-json\/wp\/v2\/posts\/736\/revisions"}],"wp:attachment":[{"href":"https:\/\/ambabidjan.esteri.it\/it\/wp-json\/wp\/v2\/media?parent=736"}],"wp:term":[{"taxonomy":"post_tag","embeddable":true,"href":"https:\/\/ambabidjan.esteri.it\/it\/wp-json\/wp\/v2\/tags?post=736"}],"curies":[{"name":"wp","href":"https:\/\/api.w.org\/{rel}","templated":true}]}}