{"id":1390,"date":"2024-04-08T19:47:29","date_gmt":"2024-04-08T17:47:29","guid":{"rendered":"https:\/\/ambabidjan.esteri.it\/?p=1390"},"modified":"2024-04-08T19:47:29","modified_gmt":"2024-04-08T17:47:29","slug":"visita-del-signor-presidente-della-repubblica-sergio-mattarella-abidjan-2-4-aprile-2024","status":"publish","type":"post","link":"https:\/\/ambabidjan.esteri.it\/it\/news\/dall_ambasciata\/2024\/04\/visita-del-signor-presidente-della-repubblica-sergio-mattarella-abidjan-2-4-aprile-2024\/","title":{"rendered":"VISITA DEL SIGNOR PRESIDENTE DELLA REPUBBLICA, SERGIO MATTARELLA (ABIDJAN, 2-4 APRILE 2024)."},"content":{"rendered":"<p>Si \u00e8 svolta, dal 2 al 4 aprile 2024, la Visita Ufficiale nella Repubblica della Costa d&#8217;Avorio del Presidente della Repubblica Sergio Mattarella. Si \u00e8 trattato della la prima visita di un Capo di Stato italiano in Costa d\u2019Avorio, un vero e proprio momento storico per le relazioni bilaterali.<\/p>\n<p>Al suo arrivo ad Abidjan, il Presidente Mattarella \u00e8 stato ricevuto dallo stesso Presidente della Costa d\u2019Avorio, Alassane Ouattara. Presenti anche il Vice Presidente della Repubblica, Tiemoko Meyliet Kon\u00e9, il Primo Ministro, Robert Beugr\u00e9 Mamb\u00e9, il Ministro degli Affari Esteri, Leon Adom e numerosi altri Ministri del Governo tra i quali anche il Ministro dell\u2019Interno, Vagondo Diomand\u00e9. Era presente anche una folta rappresentanza di Capi tradizionali provenienti da varie regioni della Costa d\u2019Avorio.<\/p>\n<p>Mercoled\u00ec 4 aprile mattina, il Capo dello Stato \u00e8 stato ricevuto, al Palazzo Presidenziale, dal Presidente della Repubblica della Costa d&#8217;Avorio, Alassane Ouattara. Al termine dei colloqui, i due Capi di Stato hanno rilasciato dichiarazioni alla stampa.\u00a0 A seguire, il Presidente Mattarella ha partecipato alla cerimonia presso il Distretto della municipalit\u00e0 di Abidjan, nel corso della quale il Ministro Governatore del Distretto, Ciss\u00e9 Bacongo, ha consegnato al Presidente le Chiavi di Abidjan, elevandolo al rango di cittadino onorario di Abidjan e le pi\u00f9 alte autorit\u00e0 tradizionali della Costa d\u2019Avorio gli hanno consegnato i relativi paramenti.<\/p>\n<p>In serata, nel corso del pranzo ufficiale in onore del Presidente, alla presenza della Premiere Dame Dominique Ouattara, delle pi\u00f9 alte cariche istituzionali e di Ambasciatori, il Presidente Mattarella \u00e8 stato insignito della pi\u00f9 alta onorificenza, la Gran Croce dell\u2019Ordine Nazionale della Costa d\u2019Avorio.<\/p>\n<p>Il Presidente Mattarella, prima di lasciare il paese, ha avuto un incontro cordiale con numerosi rappresentanti della comunit\u00e0 italiana e ha visitato alcuni siti. In particolare, l\u2019infrastruttura a terra di ENI che consente il trasporto del gas prodotto dal giacimento Baleine all\u2019interno della rete di distribuzione. Il Presidente ha inoltre visitato il plesso scolastico di Vridi Canal (struttura che fa parte di un progetto a sostegno del sistema scolastico ivoriano realizzato in 20 scuole dall\u2019ONG AVSI con finanziamenti ENI) e la sede di Sant\u2019Egidio, dove \u00e8 stato accolto con grande calore.<\/p>\n<p>&nbsp;<\/p>\n<p><a href=\"https:\/\/www.quirinale.it\/elementi\/109496\">Galleria foto<\/a><\/p>\n<p><a href=\"https:\/\/www.quirinale.it\/elementi\/109500\">Galleria video<\/a><\/p>\n","protected":false},"excerpt":{"rendered":"Si \u00e8 svolta, dal 2 al 4 aprile 2024, la Visita Ufficiale nella Repubblica della Costa d&#8217;Avorio del Presidente della Repubblica Sergio Mattarella. Si \u00e8 trattato della la prima visita di un Capo di Stato italiano in Costa d\u2019Avorio, un vero e proprio momento storico per le relazioni bilaterali. Al suo arrivo ad Abidjan, il [&hellip;]","protected":false},"author":4,"featured_media":1387,"comment_status":"closed","ping_status":"closed","sticky":false,"template":"","format":"standard","meta":{"footnotes":""},"tags":[],"class_list":["post-1390","post","type-post","status-publish","format-standard","has-post-thumbnail","hentry"],"_links":{"self":[{"href":"https:\/\/ambabidjan.esteri.it\/it\/wp-json\/wp\/v2\/posts\/1390","targetHints":{"allow":["GET"]}}],"collection":[{"href":"https:\/\/ambabidjan.esteri.it\/it\/wp-json\/wp\/v2\/posts"}],"about":[{"href":"https:\/\/ambabidjan.esteri.it\/it\/wp-json\/wp\/v2\/types\/post"}],"author":[{"embeddable":true,"href":"https:\/\/ambabidjan.esteri.it\/it\/wp-json\/wp\/v2\/users\/4"}],"replies":[{"embeddable":true,"href":"https:\/\/ambabidjan.esteri.it\/it\/wp-json\/wp\/v2\/comments?post=1390"}],"version-history":[{"count":1,"href":"https:\/\/ambabidjan.esteri.it\/it\/wp-json\/wp\/v2\/posts\/1390\/revisions"}],"predecessor-version":[{"id":1393,"href":"https:\/\/ambabidjan.esteri.it\/it\/wp-json\/wp\/v2\/posts\/1390\/revisions\/1393"}],"wp:featuredmedia":[{"embeddable":true,"href":"https:\/\/ambabidjan.esteri.it\/it\/wp-json\/wp\/v2\/media\/1387"}],"wp:attachment":[{"href":"https:\/\/ambabidjan.esteri.it\/it\/wp-json\/wp\/v2\/media?parent=1390"}],"wp:term":[{"taxonomy":"post_tag","embeddable":true,"href":"https:\/\/ambabidjan.esteri.it\/it\/wp-json\/wp\/v2\/tags?post=1390"}],"curies":[{"name":"wp","href":"https:\/\/api.w.org\/{rel}","templated":true}]}}