{"id":1279,"date":"2024-02-07T13:44:08","date_gmt":"2024-02-07T12:44:08","guid":{"rendered":"https:\/\/ambabidjan.esteri.it\/?p=1279"},"modified":"2024-02-07T16:33:32","modified_gmt":"2024-02-07T15:33:32","slug":"luzzi-la-costa-davorio-cresce-opportunita-anche-per-le-pmi","status":"publish","type":"post","link":"https:\/\/ambabidjan.esteri.it\/it\/news\/dall_ambasciata\/2024\/02\/luzzi-la-costa-davorio-cresce-opportunita-anche-per-le-pmi\/","title":{"rendered":"Intervista all&#8217;Ambasciatore Luzzi con la rivista &#8220;L&#8217;Imprenditore&#8221;"},"content":{"rendered":"<p><img loading=\"lazy\" decoding=\"async\" class=\"\" src=\"https:\/\/www.limprenditore.com\/wp-content\/uploads\/2024\/01\/Ambasciatore-Arturo-Luzzi-scaled-2048x1024.jpg\" width=\"681\" height=\"341\" \/><\/p>\n<p>Di seguito, si riporta il resto dell&#8217;intervista dell&#8217;Ambasciatore disponibile anche al link seguente:<\/p>\n<p><a href=\"https:\/\/www.limprenditore.com\/luzzi-la-costa-davorio-cresce-opportunita-anche-per-le-pmi\/\">https:\/\/www.limprenditore.com\/luzzi-la-costa-davorio-cresce-opportunita-anche-per-le-pmi\/<\/a><\/p>\n<p>&nbsp;<\/p>\n<h1 class=\"entry-title\">LUZZI: \u201cLA COSTA D\u2019AVORIO CRESCE, OPPORTUNIT\u00c0 ANCHE PER LE PMI\u201d<\/h1>\n<p>Arturo Luzzi \u00e8 Ambasciatore d\u2019Italia ad Abidjan, capitale dello Stato ivoriano. Nominato nell\u2019ottobre del 2021, precedentemente \u00e8 stato ambasciatore in Etiopia per quattro anni e in Senegal dal 2011 al 2016, paese dal quale seguiva anche altri stati dell\u2019area, quali il Mali o la Guinea. Ha ricoperto anche l\u2019incarico di inviato speciale per il Sahel. Con lui abbiamo fatto il punto sulle relazioni tra il nostro Paese e lo Stato ivoriano.<\/p>\n<p><strong>Ambasciatore Luzzi, qual \u00e8 lo stato dei rapporti bilaterali tra Italia e Costa d\u2019Avorio?<br \/>\n<\/strong>Il rapporto tra i due paesi, che \u00e8 sempre stato ottimo, si \u00e8 ulteriormente consolidato in questi due anni. La Costa d\u2019Avorio \u00e8 un partner eccellente, con posizioni affini all\u2019Europa sui grandi temi internazionali. A livello bilaterale il dialogo politico \u00e8 costante, con incontri di alto livello quale quello tra il presidente della Costa d\u2019Avorio Alassane Ouattara e il presidente della Repubblica Italiana Sergio Mattarella avvenuto nel settembre del 2022. Contiamo di continuare a sviluppare il dialogo politico bilaterale e tra qualche giorno una delegazione ivoriana di alto livello parteciper\u00e0 alla conferenza Italia-Africa che si svolger\u00e0 a Roma il 28 e 29 gennaio.<\/p>\n<p>I rapporti bilaterali sono buoni un po\u2019 in tutti i settori, soprattutto in quello economico. A tal proposito, \u00e8 necessario sottolineare che il sistema economico ivoriano \u00e8 in crescita, cos\u00ec come \u00e8 in crescita il numero delle aziende italiane qui presenti sul mercato, in maniera trasversale dal settore oil&amp;gas alla difesa, ma anche nel settore ittico, del legname, zootecnico, e nell\u2019agribusiness.<\/p>\n<p><strong>Quali sono le opportunit\u00e0 e gli ostacoli per le imprese italiane che intendono operare in Costa d\u2019Avorio?<br \/>\n<\/strong>Innanzitutto, \u00e8 obbligatorio precisare che l\u2019economia ivoriana \u00e8 tra le pi\u00f9 trainanti in Africa Occidentale e rappresenta oltre il 40% del Pil dell\u2019area Uemoa, (Unione Economica e Monetaria dell\u2019Africa Occidentale,\u00a0<em>ndr<\/em>). Il paese ha una crescita costante e forte del Pil, che dal 2012 si attesta su una media del 6%, con punte anche dell\u20198-9%.<\/p>\n<p>Il governo ivoriano ha adottato una serie di riforme per agevolare gli investimenti stranieri ed esso stesso sta investendo nei settori prioritari per la crescita economica. Si \u00e8 dotato di un Piano di sviluppo con una prospettiva quinquennale ed ha avviato grandi progetti di opere pubbliche.<\/p>\n<p>Chiaramente esistono anche rischi economici nel Paese, in quanto l\u2019economia ivoriana \u00e8 ancora debole in termini di redditivit\u00e0, c\u2019\u00e8 una forte incidenza del settore informale e c\u2019\u00e8 una forte dipendenza dall\u2019export di materie prime, in particolar modo cacao e anacardi. Inoltre, ci sono ancora degli sforzi da fare in materia di fiscalit\u00e0, trasparenza ed efficienza delle procedure amministrative e doganali.<\/p>\n<p>Tuttavia, abbiamo potuto costatare in occasione di un Business Forum organizzato qui nel 2022 e che fa parte dell\u2019<a href=\"https:\/\/www.esteri.it\/it\/sala_stampa\/archivionotizie\/interviste\/2022\/02\/memoria-attiva-di-attanasio-e-fermo-impegno-di-verita-avvenire\/\" target=\"_blank\" rel=\"noopener\">iniziativa Attanasio<\/a>\u00a0(il progetto di assistenza e accompagnamento alle aziende italiane nei paesi dell\u2019Africa subsahariana creato dal ministero degli Affari esteri in memoria dell\u2019ambasciatore Luca Attanasio, ucciso in un agguato in Congo il 22 febbraio del 2021,\u00a0<em>ndr<\/em>), che esiste un forte interesse da parte delle imprese italiane verso il paese. In particolar modo, tra i settori che offrono maggiori opportunit\u00e0 per le nostre Pmi spiccano principalmente l\u2019agroindustria, le grandi opere, le energie rinnovabili.<\/p>\n<p><strong>Che supporto forniscono le autorit\u00e0 italiane in loco alle imprese italiane interessate ad operare in Costa d\u2019Avorio?<br \/>\n<\/strong>Supportiamo\u00a0<a href=\"https:\/\/www.limprenditore.com\/costa-davorio-le-pmi-si-raccontano\/\" target=\"_blank\" rel=\"noopener\">le imprese italiane che operano nel paese<\/a>\u00a0in varie forme; il nostro aiuto \u00e8 sia informativo che organizzativo. Ad esempio, facilitando incontri con autorit\u00e0 locali e assistendo in casi di controversie.\u00a0Anche in un\u2019ottica di rafforzamento della nostra attivit\u00e0 abbiamo riattivato dopo alcuni anni il nostro ufficio commerciale dell\u2019Ambasciata e abbiamo rafforzato l\u2019antenna Ice qui presente. In pi\u00f9 su nostro impulso a marzo dell\u2019anno scorso abbiamo aperto una filiale della Camera di Commercio.<\/p>\n<h3>Costa d\u2019Avorio, uno sguardo d\u2019insieme<\/h3>\n<p>La Costa d\u2019Avorio, la pi\u00f9 grande economia all\u2019interno della Unione economica e monetaria dell\u2019Africa dell\u2019Ovest (Uemoa), ha registrato nell\u2019ultimo decennio uno dei tassi di crescita maggiori in tutta l\u2019Africa sub-sahariana. Nonostante le criticit\u00e0 macroeconomiche globali legate alla pandemia di Covid-19 e alle recenti tensioni geopolitiche, l\u2019economia ivoriana continua a dimostrare forti segni di resilienza e il paese rimane un player centrale nel panorama economico dell\u2019Africa occidentale.<\/p>\n<p><strong>Parte della crescita \u00e8 dovuta agli ingenti investimenti nelle infrastrutture connettive del paese<\/strong>, in primis nel digitale, nelle costruzioni e nei trasporti, nonch\u00e9 alla recente scoperta di nuovi giacimenti petroliferi e di gas, sfruttati da Eni in partenariato con la compagnia nazionale Petroci. Il governo ivoriano ha inoltre mantenuto una politica macroeconomica cauta, volta a incrementare la fiducia degli investitori. Il paese, leader globale nella produzione e nell\u2019export di anacardi e cacao, sta inoltre investendo fortemente nello sviluppo di catene di approvvigionamento volte ad aumentare la produttivit\u00e0 manufatturiera e agricola.<\/p>\n<p>Sul piano commerciale,\u00a0<strong>la Costa d\u2019Avorio \u00e8 stato il primo paese dell\u2019Africa occidentale ad applicare la reciprocit\u00e0 con l\u2019Unione europea<\/strong>, con una graduale liberalizzazione dei dazi doganali per i prodotti provenienti dal vecchio continente. Tra il 2010 e il 2020, le esportazioni della Costa d\u2019Avorio verso l\u2019Ue sono passate da 3 a 4,2 miliardi di euro, mentre le importazioni della Costa d\u2019Avorio dall\u2019Ue sono passate da 1,6 a 2,8 miliardi di euro, confermando l\u2019Unione europea come primo partner commerciale e investitore di Abidjan.<\/p>\n<p>Negli ultimi tre anni,\u00a0<strong>gli scambi commerciali tra Italia e Costa d\u2019Avorio registrano uno sostanziale equilibrio<\/strong>: nel periodo gennaio-settembre 2023, il nostro Paese ha esportato prodotti e servizi per un valore di 229 milioni di euro e importato per un valore pari a 233 milioni euro, secondo i dati forniti da\u00a0<em>Infomercatiesteri<\/em>: la Costa d\u2019Avorio si attesta cos\u00ec come quarto paese dell\u2019Africa sub-sahariana per interscambio bilaterale con l\u2019Italia.<\/p>\n<p>Negli ultimi tre anni,\u00a0<strong>gli scambi commerciali tra Italia e Costa d\u2019Avorio registrano uno sostanziale equilibrio<\/strong>: nel periodo gennaio-settembre 2023, il nostro Paese ha esportato prodotti e servizi per un valore di 229 milioni di euro e importato per un valore pari a 233 milioni euro, secondo i dati forniti da\u00a0<em>Infomercatiesteri<\/em>: la Costa d\u2019Avorio si attesta cos\u00ec come quarto paese dell\u2019Africa sub-sahariana per interscambio bilaterale con l\u2019Italia.<\/p>\n<p>I prodotti maggiormente importati in Italia dalla Costa d\u2019Avorio appartengono al settore agroalimentare e minerario, mentre tra i prodotti italiani pi\u00f9 esportati in Costa d\u2019Avorio figurano macchinari e autoveicoli.<\/p>\n<p><a href=\"https:\/\/www.limprenditore.com\/costa-davorio-il-presidente-ouattara-incontra-le-imprese-italiane\/\" target=\"_blank\" rel=\"noopener\">Il Business Forum organizzato da Confindustria Assafrica &amp; Mediterraneo nel 2022 a Roma<\/a>, alla presenza del presidente Alassane Ouattara, ha dato nuovo impulso alle relazioni economiche e commerciali tra i due paesi.\u00a0<strong>Ad oggi, la presenza imprenditoriale italiana non \u00e8 cospicua<\/strong>, ma \u00e8 costante e radicata sul territorio, attraverso Pmi attive soprattutto nel settore ittico, agroalimentare, nei trasporti marittimi e nelle costruzioni.<\/p>\n<p>&nbsp;<\/p>\n<p><img loading=\"lazy\" decoding=\"async\" class=\"\" src=\"https:\/\/www.limprenditore.com\/wp-content\/uploads\/2024\/01\/Infografica-Costa-dAvorio-1024x519.jpg\" width=\"638\" height=\"323\" \/><\/p>\n<p>&nbsp;<\/p>\n","protected":false},"excerpt":{"rendered":"Di seguito, si riporta il resto dell&#8217;intervista dell&#8217;Ambasciatore disponibile anche al link seguente: https:\/\/www.limprenditore.com\/luzzi-la-costa-davorio-cresce-opportunita-anche-per-le-pmi\/ &nbsp; LUZZI: \u201cLA COSTA D\u2019AVORIO CRESCE, OPPORTUNIT\u00c0 ANCHE PER LE PMI\u201d Arturo Luzzi \u00e8 Ambasciatore d\u2019Italia ad Abidjan, capitale dello Stato ivoriano. Nominato nell\u2019ottobre del 2021, precedentemente \u00e8 stato ambasciatore in Etiopia per quattro anni e in Senegal dal 2011 al [&hellip;]","protected":false},"author":4,"featured_media":0,"comment_status":"closed","ping_status":"closed","sticky":false,"template":"","format":"standard","meta":{"footnotes":""},"tags":[],"class_list":["post-1279","post","type-post","status-publish","format-standard","hentry"],"_links":{"self":[{"href":"https:\/\/ambabidjan.esteri.it\/it\/wp-json\/wp\/v2\/posts\/1279","targetHints":{"allow":["GET"]}}],"collection":[{"href":"https:\/\/ambabidjan.esteri.it\/it\/wp-json\/wp\/v2\/posts"}],"about":[{"href":"https:\/\/ambabidjan.esteri.it\/it\/wp-json\/wp\/v2\/types\/post"}],"author":[{"embeddable":true,"href":"https:\/\/ambabidjan.esteri.it\/it\/wp-json\/wp\/v2\/users\/4"}],"replies":[{"embeddable":true,"href":"https:\/\/ambabidjan.esteri.it\/it\/wp-json\/wp\/v2\/comments?post=1279"}],"version-history":[{"count":6,"href":"https:\/\/ambabidjan.esteri.it\/it\/wp-json\/wp\/v2\/posts\/1279\/revisions"}],"predecessor-version":[{"id":1302,"href":"https:\/\/ambabidjan.esteri.it\/it\/wp-json\/wp\/v2\/posts\/1279\/revisions\/1302"}],"wp:attachment":[{"href":"https:\/\/ambabidjan.esteri.it\/it\/wp-json\/wp\/v2\/media?parent=1279"}],"wp:term":[{"taxonomy":"post_tag","embeddable":true,"href":"https:\/\/ambabidjan.esteri.it\/it\/wp-json\/wp\/v2\/tags?post=1279"}],"curies":[{"name":"wp","href":"https:\/\/api.w.org\/{rel}","templated":true}]}}