{"id":918,"date":"2018-04-11T19:20:45","date_gmt":"2018-04-11T17:20:45","guid":{"rendered":"https:\/\/ambabidjan.esteri.it\/news\/dall_ambasciata\/2018\/04\/settimana-dell-europa-maggio-2018-2\/"},"modified":"2018-04-11T19:20:45","modified_gmt":"2018-04-11T17:20:45","slug":"settimana-dell-europa-maggio-2018-2","status":"publish","type":"post","link":"https:\/\/ambabidjan.esteri.it\/fr\/news\/dall_ambasciata\/2018\/04\/settimana-dell-europa-maggio-2018-2\/","title":{"rendered":"Semaine de l&rsquo;Europe mai 2018 : concours photo"},"content":{"rendered":"<p>Cette ann\u00e9e, \u00e0 l&rsquo;occasion de la Semaine de l&rsquo;Europe qui aura lieu du 7 au 18 mai,\u00a0il y aura\u00a0un concours de photographie.<\/p>\n<p>Destin\u00e9 aux photographes amateurs ivoiriens \u00e2g\u00e9s de 18 \u00e0 35 et r\u00e9sidant en C\u00f4te d&rsquo;Ivoire, ce concours portera sur le th\u00e8me de \u00ab\u00a0l&rsquo;h\u00e9ritage culturel ivoirien\u00a0\u00bb, le th\u00e8me g\u00e9n\u00e9ral de la F\u00eate de l&rsquo;Europe 2018 \u00e9tant \u00ab\u00a0l&rsquo;h\u00e9ritage culturel europ\u00e9en\u00a0\u00bb.<\/p>\n<p>Les candidatures sont ouvertes jusqu&rsquo;au 25 avril \u00e0 minuit.<\/p>\n<p>\u00a0<\/p>\n<p><a href=\"resource\/doc\/2018\/04\/concours_de_photographie_de_la_semaine_de_leurope.pdf\"><strong>Concours de photographie<\/strong><\/a><\/p>\n<p><a href=\"resource\/doc\/2018\/04\/rglement_concours_photo_semaine_de_leurope.pdf\"><strong>R\u00e8glement concours<\/strong><\/a><\/p>\n<p><a href=\"resource\/doc\/2018\/04\/formulaire_dinscription_concours_photo_semaine_de_leurope.docx\"><strong>Formulaire d&rsquo;inscription<\/strong><\/a><\/p>\n","protected":false},"excerpt":{"rendered":"Cette ann\u00e9e, \u00e0 l&rsquo;occasion de la Semaine de l&rsquo;Europe qui aura lieu du 7 au 18 mai,\u00a0il y aura\u00a0un concours de photographie. Destin\u00e9 aux photographes amateurs ivoiriens \u00e2g\u00e9s de 18 \u00e0 35 et r\u00e9sidant en C\u00f4te d&rsquo;Ivoire, ce concours portera sur le th\u00e8me de \u00ab\u00a0l&rsquo;h\u00e9ritage culturel ivoirien\u00a0\u00bb, le th\u00e8me g\u00e9n\u00e9ral de la F\u00eate de l&rsquo;Europe [&hellip;]","protected":false},"author":1,"featured_media":0,"comment_status":"","ping_status":"","sticky":false,"template":"","format":"standard","meta":{"footnotes":""},"tags":[],"class_list":["post-918","post","type-post","status-publish","format-standard","hentry"],"_links":{"self":[{"href":"https:\/\/ambabidjan.esteri.it\/fr\/wp-json\/wp\/v2\/posts\/918","targetHints":{"allow":["GET"]}}],"collection":[{"href":"https:\/\/ambabidjan.esteri.it\/fr\/wp-json\/wp\/v2\/posts"}],"about":[{"href":"https:\/\/ambabidjan.esteri.it\/fr\/wp-json\/wp\/v2\/types\/post"}],"author":[{"embeddable":true,"href":"https:\/\/ambabidjan.esteri.it\/fr\/wp-json\/wp\/v2\/users\/1"}],"replies":[{"embeddable":true,"href":"https:\/\/ambabidjan.esteri.it\/fr\/wp-json\/wp\/v2\/comments?post=918"}],"version-history":[{"count":0,"href":"https:\/\/ambabidjan.esteri.it\/fr\/wp-json\/wp\/v2\/posts\/918\/revisions"}],"wp:attachment":[{"href":"https:\/\/ambabidjan.esteri.it\/fr\/wp-json\/wp\/v2\/media?parent=918"}],"wp:term":[{"taxonomy":"post_tag","embeddable":true,"href":"https:\/\/ambabidjan.esteri.it\/fr\/wp-json\/wp\/v2\/tags?post=918"}],"curies":[{"name":"wp","href":"https:\/\/api.w.org\/{rel}","templated":true}]}}