{"id":757,"date":"2021-03-26T11:02:48","date_gmt":"2021-03-26T10:02:48","guid":{"rendered":"https:\/\/ambabidjan.esteri.it\/news\/dall_ambasciata\/2021\/03\/nuova-edizione-del-progetto-di-2\/"},"modified":"2023-11-16T18:21:21","modified_gmt":"2023-11-16T17:21:21","slug":"nuova-edizione-del-progetto-di-2","status":"publish","type":"post","link":"https:\/\/ambabidjan.esteri.it\/fr\/news\/dall_ambasciata\/2021\/03\/nuova-edizione-del-progetto-di-2\/","title":{"rendered":"NOUVELLE EDITION DU PROJET D&rsquo;HAUTE FORMATION  \u00ab\u00a0OPEN AFRICA POWER\u00a0\u00bb ORGANISE PAR ENEL FOUNDATION"},"content":{"rendered":"<p>Enel Foundation est une institution \u00e0 but non lucratif, fond\u00e9e et soutenue par Enel, qui s&rsquo;occupe de la recherche et de la diffusion des connaissances dans le domaine de l&rsquo;\u00e9nergie et dans les domaines plus larges qui y sont li\u00e9s, tels que le d\u00e9veloppement durable et l&rsquo;innovation, \u00e9ducation et diffusion.<\/p>\n<p>Dans ce contexte, la Fondation Enel organise depuis quelques ann\u00e9es le programme de formation \u00ab\u00a0Open Africa Power\u00a0\u00bb qui b\u00e9n\u00e9ficie du soutien du Minist\u00e8re italien des Affaires Etrang\u00e8res et de la Coop\u00e9ration Internationale, consciente que la formation est un vecteur essentiel de d\u00e9veloppement sur le continent africain et que l&rsquo;\u00e9nergie\u00a0est un facteur d\u00e9terminant pour le progr\u00e8s de l&rsquo;Afrique.<br \/>\nLa formation des jeunes g\u00e9n\u00e9rations est \u00e9galement un \u00e9l\u00e9ment important pour acc\u00e9l\u00e9rer la transition \u00e9nerg\u00e9tique pour enrayer le changement climatique, th\u00e8mes cl\u00e9s \u00e0 la fois de la pr\u00e9sidence italienne du G20 et du r\u00f4le de l&rsquo;Italie dans la Cop26.<br \/>\nLa d\u00e9marche de la Fondation Enel vise \u00e0 former des professionnels des secteurs public, priv\u00e9 et acad\u00e9mique, dans le but de garantir un acc\u00e8s universel \u00e0 l&rsquo;\u00e9nergie dans les diff\u00e9rents pays d&rsquo;origine des participants.<\/p>\n<p>Les principes fondamentaux sur lesquels repose le projet sont:<\/p>\n<p>1) L&rsquo;importance de l&rsquo;acc\u00e8s \u00e0 l&rsquo;\u00e9nergie dans le cadre de l&rsquo;Objectif 7 (ODD 7) de l&rsquo;Agenda 2030.<br \/>\n2) Le r\u00f4le de l&rsquo;\u00e9lectricit\u00e9 comme facteur propice \u00e0 une croissance g\u00e9n\u00e9ralis\u00e9e et durable.<br \/>\n3) La formation des personnes comme condition essentielle pour am\u00e9liorer l&rsquo;avenir des peuples.<\/p>\n<p>Du fait des restrictions dues \u00e0 la pand\u00e9mie de Covid 19, le projet a \u00e9t\u00e9 forc\u00e9ment mis en place cette ann\u00e9e en mode virtuel et avec le programme suivant:<\/p>\n<p>\u2022 De d\u00e9but mai \u00e0 fin juin 2021<br \/>\nModule num\u00e9rique africain sur l&rsquo;\u00e9tat de l&rsquo;art du secteur de l&rsquo;\u00e9nergie, c&rsquo;est-\u00e0-dire le module de formation qui dans les \u00e9ditions pr\u00e9c\u00e9dentes avait \u00e9t\u00e9 organis\u00e9 en pr\u00e9sence en Afrique (Nairobi 2018, Addis-Abeba 2019, Cape Town 2020)<br \/>\n\u2022 De d\u00e9but mai \u00e0 fin septembre 2021<br \/>\nCours en ligne de l&rsquo;\u00c9cole de r\u00e9glementation de Florence sur l&rsquo;acc\u00e8s \u00e0 l&rsquo;\u00e9nergie<br \/>\n\u2022 Octobre 2021<br \/>\nModule sur les nouvelles fronti\u00e8res du secteur de l&rsquo;\u00e9nergie, qui pourrait etre organis\u00e9 en pr\u00e9sence.<\/p>\n<p>Le lien pour soumettre la candidature est le suivant:<\/p>\n<p>https:\/\/www.enelfoundation.org\/news\/a\/2021\/03\/open-africa-power-2021-call-for-applications<\/p>\n<p>La date limite de soumission des candidatures est fix\u00e9e au 6 avril 2021.<\/p>\n","protected":false},"excerpt":{"rendered":"Enel Foundation est une institution \u00e0 but non lucratif, fond\u00e9e et soutenue par Enel, qui s&rsquo;occupe de la recherche et de la diffusion des connaissances dans le domaine de l&rsquo;\u00e9nergie et dans les domaines plus larges qui y sont li\u00e9s, tels que le d\u00e9veloppement durable et l&rsquo;innovation, \u00e9ducation et diffusion. Dans ce contexte, la Fondation [&hellip;]","protected":false},"author":1,"featured_media":0,"comment_status":"closed","ping_status":"closed","sticky":false,"template":"","format":"standard","meta":{"footnotes":""},"tags":[],"class_list":["post-757","post","type-post","status-publish","format-standard","hentry"],"_links":{"self":[{"href":"https:\/\/ambabidjan.esteri.it\/fr\/wp-json\/wp\/v2\/posts\/757","targetHints":{"allow":["GET"]}}],"collection":[{"href":"https:\/\/ambabidjan.esteri.it\/fr\/wp-json\/wp\/v2\/posts"}],"about":[{"href":"https:\/\/ambabidjan.esteri.it\/fr\/wp-json\/wp\/v2\/types\/post"}],"author":[{"embeddable":true,"href":"https:\/\/ambabidjan.esteri.it\/fr\/wp-json\/wp\/v2\/users\/1"}],"replies":[{"embeddable":true,"href":"https:\/\/ambabidjan.esteri.it\/fr\/wp-json\/wp\/v2\/comments?post=757"}],"version-history":[{"count":1,"href":"https:\/\/ambabidjan.esteri.it\/fr\/wp-json\/wp\/v2\/posts\/757\/revisions"}],"predecessor-version":[{"id":1139,"href":"https:\/\/ambabidjan.esteri.it\/fr\/wp-json\/wp\/v2\/posts\/757\/revisions\/1139"}],"wp:attachment":[{"href":"https:\/\/ambabidjan.esteri.it\/fr\/wp-json\/wp\/v2\/media?parent=757"}],"wp:term":[{"taxonomy":"post_tag","embeddable":true,"href":"https:\/\/ambabidjan.esteri.it\/fr\/wp-json\/wp\/v2\/tags?post=757"}],"curies":[{"name":"wp","href":"https:\/\/api.w.org\/{rel}","templated":true}]}}