{"id":3344,"date":"2026-04-27T19:37:34","date_gmt":"2026-04-27T17:37:34","guid":{"rendered":"https:\/\/ambabidjan.esteri.it\/news\/dall_ambasciata\/2026\/04\/italia-e-costa-davorio-insieme-per-unidentita-legale-universale-inaugurata-la-formazione-oneci-nellambito-del-progetto-i-d-e-a\/"},"modified":"2026-04-27T19:41:54","modified_gmt":"2026-04-27T17:41:54","slug":"italia-e-costa-davorio-insieme-per-unidentita-legale-universale-inaugurata-la-formazione-oneci-nellambito-del-progetto-i-d-e-a","status":"publish","type":"post","link":"https:\/\/ambabidjan.esteri.it\/fr\/news\/dall_ambasciata\/2026\/04\/italia-e-costa-davorio-insieme-per-unidentita-legale-universale-inaugurata-la-formazione-oneci-nellambito-del-progetto-i-d-e-a\/","title":{"rendered":"L\u2019Italie et la C\u00f4te d\u2019Ivoire unies pour une identit\u00e9 l\u00e9gale universelle : lancement de la formation de l\u2019ONECI dans le cadre du Projet I.D.E.A."},"content":{"rendered":"<p style=\"text-align: justify;\">L\u2019Ambassadrice Roberta Di Lecce est intervenue aujourd\u2019hui lors de la c\u00e9r\u00e9monie officielle d\u2019inauguration des activit\u00e9s de formation des acteurs de l\u2019\u00e9tat civil, organis\u00e9e au si\u00e8ge de l\u2019Agence ONECI \u2013 Office National d\u2019\u00c9tat Civil et de l\u2019Identification d\u2019Abidjan, dans le cadre du Projet \u00ab I.D.E.A. \u2013 Identity \u2013 Droit \u2013 Empowerment \u2013 Acc\u00e8s aux services sociaux de base pour renforcer les communaut\u00e9s et prot\u00e9ger les enfants en C\u00f4te d\u2019Ivoire \u00bb.<\/p>\n<p style=\"text-align: justify;\">Le Projet I.D.E.A., cofinanc\u00e9 par la Coop\u00e9ration italienne \u00e0 travers le Plan Mattei et mis en \u0153uvre par la Communaut\u00e9 de Sant\u2019Egidio en partenariat avec l\u2019ONECI, vise \u00e0 renforcer le syst\u00e8me national d\u2019enregistrement des naissances. Il se concentre sur l\u2019am\u00e9lioration des comp\u00e9tences du personnel de l\u2019\u00e9tat civil et sur le renforcement de l\u2019offre de services d\u2019enregistrement des naissances, dans la conviction que la possession d\u2019une identit\u00e9 l\u00e9gale constitue un pr\u00e9alable essentiel \u00e0 l\u2019acc\u00e8s \u00e0 d\u2019autres droits fondamentaux.<\/p>\n<p style=\"text-align: justify;\">La session inaugurale des activit\u00e9s de formation a r\u00e9uni de hauts repr\u00e9sentants institutionnels ainsi que les principaux acteurs impliqu\u00e9s dans la gestion de l\u2019\u00e9tat civil du District d\u2019Abidjan, ainsi que des officiers d\u2019\u00e9tat civil et des professionnels du secteur sanitaire.<\/p>\n<p style=\"text-align: justify;\">Dans son intervention, l\u2019Ambassadrice a soulign\u00e9 que le soutien du Gouvernement italien au projet r\u00e9pond \u00e0 la volont\u00e9 de prot\u00e9ger les droits des mineurs d\u00e8s la naissance, de renforcer la collaboration avec un pays partenaire et ami, et de promouvoir un mod\u00e8le vertueux de synergie entre institutions publiques et soci\u00e9t\u00e9 civile.<\/p>\n<p style=\"text-align: justify;\">L\u2019Italie renouvelle son engagement en faveur d\u2019initiatives visant \u00e0 renforcer les syst\u00e8mes d\u2019\u00e9tat civil et \u00e0 garantir l\u2019acc\u00e8s universel aux droits fondamentaux, confirmant son soutien \u00e0 des partenariats inclusifs et durables contribuant au d\u00e9veloppement social et institutionnel de la C\u00f4te d\u2019Ivoire.<\/p>\n","protected":false},"excerpt":{"rendered":"L\u2019Ambassadrice Roberta Di Lecce est intervenue aujourd\u2019hui lors de la c\u00e9r\u00e9monie officielle d\u2019inauguration des activit\u00e9s de formation des acteurs de l\u2019\u00e9tat civil, organis\u00e9e au si\u00e8ge de l\u2019Agence ONECI \u2013 Office National d\u2019\u00c9tat Civil et de l\u2019Identification d\u2019Abidjan, dans le cadre du Projet \u00ab I.D.E.A. \u2013 Identity \u2013 Droit \u2013 Empowerment \u2013 Acc\u00e8s aux services sociaux [&hellip;]","protected":false},"author":4,"featured_media":0,"comment_status":"closed","ping_status":"closed","sticky":false,"template":"","format":"standard","meta":{"footnotes":""},"tags":[5],"class_list":["post-3344","post","type-post","status-publish","format-standard","hentry","tag-cooperazione-allo-sviluppo"],"_links":{"self":[{"href":"https:\/\/ambabidjan.esteri.it\/fr\/wp-json\/wp\/v2\/posts\/3344","targetHints":{"allow":["GET"]}}],"collection":[{"href":"https:\/\/ambabidjan.esteri.it\/fr\/wp-json\/wp\/v2\/posts"}],"about":[{"href":"https:\/\/ambabidjan.esteri.it\/fr\/wp-json\/wp\/v2\/types\/post"}],"author":[{"embeddable":true,"href":"https:\/\/ambabidjan.esteri.it\/fr\/wp-json\/wp\/v2\/users\/4"}],"replies":[{"embeddable":true,"href":"https:\/\/ambabidjan.esteri.it\/fr\/wp-json\/wp\/v2\/comments?post=3344"}],"version-history":[{"count":2,"href":"https:\/\/ambabidjan.esteri.it\/fr\/wp-json\/wp\/v2\/posts\/3344\/revisions"}],"predecessor-version":[{"id":3352,"href":"https:\/\/ambabidjan.esteri.it\/fr\/wp-json\/wp\/v2\/posts\/3344\/revisions\/3352"}],"wp:attachment":[{"href":"https:\/\/ambabidjan.esteri.it\/fr\/wp-json\/wp\/v2\/media?parent=3344"}],"wp:term":[{"taxonomy":"post_tag","embeddable":true,"href":"https:\/\/ambabidjan.esteri.it\/fr\/wp-json\/wp\/v2\/tags?post=3344"}],"curies":[{"name":"wp","href":"https:\/\/api.w.org\/{rel}","templated":true}]}}